{"Nazwa_Imprezy":"4. Memoria\u0142 Wies\u0142awa Czapiewskiego","Miasto":"NAK\u0141O NAD NOTECI\u0104, 26-27 lipca\/July 2025","Refresh":"5000","foto":"0"}